{"id":2396,"date":"2021-09-09T17:14:46","date_gmt":"2021-09-09T15:14:46","guid":{"rendered":"https:\/\/wp.n3j.de\/?p=2396"},"modified":"2022-04-18T03:39:41","modified_gmt":"2022-04-18T01:39:41","slug":"island-die-westfjorde","status":"publish","type":"post","link":"https:\/\/wp.n3j.de\/?p=2396","title":{"rendered":"Island &#8211; Die Westfjorde"},"content":{"rendered":"\n<p>Die ersten Tage unserer Island-Reise f\u00fchrten uns in die Westfjorde. Grund: ein Eintrag im Reisef\u00fchrer: &#8222;Die Westfjorde sind landschaftlich wohl das Sch\u00f6nste, was Island zu bieten hat &#8211; und hier gibt&#8217;s keine Spur von Massentourismus.&#8220; Klingt doch toll. Als wir vor vier Jahren zum ersten Mal nach Island kamen, hielten wir uns im S\u00fcden auf, und da tummeln sich aus verscbiedenen Gr\u00fcnden die meisten Touristen &#8211; wie wir ja auch \ud83d\ude06. Aber das kann schon geh\u00f6rig nerven. <\/p>\n\n\n\n<p>Tats\u00e4chlich geht es in den Westfjorden sehr ruhig zu. Landschaftlich hat dieser Teil des Landes sicher viel zu bieten. Leider waren die Tage, die wir hier verbracht haben, sehr regnerisch; die schroffen, teils steil aufragenden Felsw\u00e4nde waren meist wolkenverhangen und nur schemenhaft erkennbar, was uns viele tolle Ausblicke verwehrte.<\/p>\n\n\n\n<figure class=\"wp-block-image size-large\"><img loading=\"lazy\" decoding=\"async\" width=\"1024\" height=\"576\" src=\"https:\/\/wp.n3j.de\/wp-content\/uploads\/2021\/09\/20210904_114004-1024x576.jpg\" alt=\"\" class=\"wp-image-2408\" srcset=\"https:\/\/wp.n3j.de\/wp-content\/uploads\/2021\/09\/20210904_114004-1024x576.jpg 1024w, https:\/\/wp.n3j.de\/wp-content\/uploads\/2021\/09\/20210904_114004-300x169.jpg 300w, https:\/\/wp.n3j.de\/wp-content\/uploads\/2021\/09\/20210904_114004-768x432.jpg 768w, https:\/\/wp.n3j.de\/wp-content\/uploads\/2021\/09\/20210904_114004-1536x864.jpg 1536w, https:\/\/wp.n3j.de\/wp-content\/uploads\/2021\/09\/20210904_114004-2048x1152.jpg 2048w\" sizes=\"auto, (max-width: 767px) 89vw, (max-width: 1000px) 54vw, (max-width: 1071px) 543px, 580px\" \/><\/figure>\n\n\n\n<p>Drei Highlights hatten wir aber, die wir auch trotz des Wetters genie\u00dfen konnten: Da sind die Vogelfelsen von L\u00e1trabjarg; bis zu 400 Meter hoch ist die 12 km lange Steilk\u00fcste das Brutgebiet unz\u00e4hliger V\u00f6gel. Die Brutzeit war schon vorbei, als wir dort waren,  und die Felsklippen nahezu verwaist, aber beeindruckend und respekteinfl\u00f6\u00dfend sind die Felsen allemal.<\/p>\n\n\n\n<figure class=\"wp-block-image size-large\"><img loading=\"lazy\" decoding=\"async\" width=\"1024\" height=\"576\" src=\"https:\/\/wp.n3j.de\/wp-content\/uploads\/2021\/09\/20210902_132400-2-1024x576.jpg\" alt=\"\" class=\"wp-image-2404\" srcset=\"https:\/\/wp.n3j.de\/wp-content\/uploads\/2021\/09\/20210902_132400-2-1024x576.jpg 1024w, https:\/\/wp.n3j.de\/wp-content\/uploads\/2021\/09\/20210902_132400-2-300x169.jpg 300w, https:\/\/wp.n3j.de\/wp-content\/uploads\/2021\/09\/20210902_132400-2-768x432.jpg 768w, https:\/\/wp.n3j.de\/wp-content\/uploads\/2021\/09\/20210902_132400-2-1536x864.jpg 1536w, https:\/\/wp.n3j.de\/wp-content\/uploads\/2021\/09\/20210902_132400-2-2048x1152.jpg 2048w\" sizes=\"auto, (max-width: 767px) 89vw, (max-width: 1000px) 54vw, (max-width: 1071px) 543px, 580px\" \/><\/figure>\n\n\n\n<p>Der Strand Raudasandur beeindruckt durch seine Farbe. Der Sand ist nicht schwarz, wie sonst meist \u00fcblich in Island, sondern wirkt r\u00f6tlich. Wir waren bei Ebbe dort und konnten ein Weilchen spazierengehen.<\/p>\n\n\n\n<figure class=\"wp-block-image size-large\"><img loading=\"lazy\" decoding=\"async\" width=\"1024\" height=\"576\" src=\"https:\/\/wp.n3j.de\/wp-content\/uploads\/2021\/09\/20210902_161740-1024x576.jpg\" alt=\"\" class=\"wp-image-2405\" srcset=\"https:\/\/wp.n3j.de\/wp-content\/uploads\/2021\/09\/20210902_161740-1024x576.jpg 1024w, https:\/\/wp.n3j.de\/wp-content\/uploads\/2021\/09\/20210902_161740-300x169.jpg 300w, https:\/\/wp.n3j.de\/wp-content\/uploads\/2021\/09\/20210902_161740-768x432.jpg 768w, https:\/\/wp.n3j.de\/wp-content\/uploads\/2021\/09\/20210902_161740-1536x864.jpg 1536w, https:\/\/wp.n3j.de\/wp-content\/uploads\/2021\/09\/20210902_161740-2048x1152.jpg 2048w\" sizes=\"auto, (max-width: 767px) 89vw, (max-width: 1000px) 54vw, (max-width: 1071px) 543px, 580px\" \/><\/figure>\n\n\n\n<p>Der Wasserfall Dynjandi ist schon von Weitem zu h\u00f6ren. Wenn man davorsteht, muss man beeindruckt sein. <\/p>\n\n\n\n<figure class=\"wp-block-image size-large\"><img loading=\"lazy\" decoding=\"async\" width=\"1024\" height=\"576\" src=\"https:\/\/wp.n3j.de\/wp-content\/uploads\/2021\/09\/20210903_113735-1024x576.jpg\" alt=\"\" class=\"wp-image-2406\" srcset=\"https:\/\/wp.n3j.de\/wp-content\/uploads\/2021\/09\/20210903_113735-1024x576.jpg 1024w, https:\/\/wp.n3j.de\/wp-content\/uploads\/2021\/09\/20210903_113735-300x169.jpg 300w, https:\/\/wp.n3j.de\/wp-content\/uploads\/2021\/09\/20210903_113735-768x432.jpg 768w, https:\/\/wp.n3j.de\/wp-content\/uploads\/2021\/09\/20210903_113735-1536x864.jpg 1536w, https:\/\/wp.n3j.de\/wp-content\/uploads\/2021\/09\/20210903_113735-2048x1152.jpg 2048w\" sizes=\"auto, (max-width: 767px) 89vw, (max-width: 1000px) 54vw, (max-width: 1071px) 543px, 580px\" \/><\/figure>\n\n\n\n<p>Noch bemerkenswert sind die Stra\u00dfenverh\u00e4ltnisse in den Westfjorden. Weniger als die H\u00e4lfte aller Stra\u00dfenkilometer auf der Insel sind asphaltiert und in den Westfjorden waren es mit Sicherheit noch weniger. Schotterpisten sind das Eine, aber es gab nicht wenige Abschnitte, die derma\u00dfwn voller Schlagl\u00f6cher waren, dass wir kaum mit mehr als 30 km\/h  unterwegs waren. Ich k\u00f6nnte  ja sagen, das geh\u00f6rt zum Charme&#8230; Auf jeden Fall sollte man reichlich Zeit einplanen, wenn man hier unterwegs ist, und sich ein gr\u00f6\u00dferes Auto (v.a. mit breiteren Reifen) g\u00f6nnen. Wir waren nur mit einem kleinen Stadtflitzer unterwegs.<\/p>\n\n\n\n<figure class=\"wp-block-image size-large\"><img loading=\"lazy\" decoding=\"async\" width=\"1024\" height=\"576\" src=\"https:\/\/wp.n3j.de\/wp-content\/uploads\/2021\/09\/20210902_113816-1024x576.jpg\" alt=\"\" class=\"wp-image-2407\" srcset=\"https:\/\/wp.n3j.de\/wp-content\/uploads\/2021\/09\/20210902_113816-1024x576.jpg 1024w, https:\/\/wp.n3j.de\/wp-content\/uploads\/2021\/09\/20210902_113816-300x169.jpg 300w, https:\/\/wp.n3j.de\/wp-content\/uploads\/2021\/09\/20210902_113816-768x432.jpg 768w, https:\/\/wp.n3j.de\/wp-content\/uploads\/2021\/09\/20210902_113816-1536x864.jpg 1536w, https:\/\/wp.n3j.de\/wp-content\/uploads\/2021\/09\/20210902_113816-2048x1152.jpg 2048w\" sizes=\"auto, (max-width: 767px) 89vw, (max-width: 1000px) 54vw, (max-width: 1071px) 543px, 580px\" \/><\/figure>\n\n\n\n<p>Leider hatten wir dann auch einen Platten. Zum Gl\u00fcck bemerkten wir es rechtzeitig und konnten zum Hotel zur\u00fcckfahren, wo Kay das Ersatzrad aufziehen konnte. Nach f\u00fcnf Tagen verlie\u00dfen wir die Westfjorde mit Zwischenstopp in einer Werkstatt, wo wir den Reifen flicken lie\u00dfen. Bislang h\u00e4lt er \ud83d\ude09<\/p>\n","protected":false},"excerpt":{"rendered":"<p>Die ersten Tage unserer Island-Reise f\u00fchrten uns in die Westfjorde. Grund: ein Eintrag im Reisef\u00fchrer: &#8222;Die Westfjorde sind landschaftlich wohl das Sch\u00f6nste, was Island zu bieten hat &#8211; und hier gibt&#8217;s keine Spur von Massentourismus.&#8220; Klingt doch toll. Als wir vor vier Jahren zum ersten Mal nach Island kamen, hielten wir uns im S\u00fcden auf, &hellip; <\/p>\n<p class=\"link-more\"><a href=\"https:\/\/wp.n3j.de\/?p=2396\" class=\"more-link\"><span class=\"screen-reader-text\">\u201eIsland &#8211; Die Westfjorde\u201c<\/span> weiterlesen<\/a><\/p>\n","protected":false},"author":3,"featured_media":0,"comment_status":"closed","ping_status":"closed","sticky":false,"template":"","format":"standard","meta":{"footnotes":""},"categories":[1,23],"tags":[18],"class_list":["post-2396","post","type-post","status-publish","format-standard","hentry","category-allgemein","category-zusammen-unterwegs","tag-island"],"_links":{"self":[{"href":"https:\/\/wp.n3j.de\/index.php?rest_route=\/wp\/v2\/posts\/2396","targetHints":{"allow":["GET"]}}],"collection":[{"href":"https:\/\/wp.n3j.de\/index.php?rest_route=\/wp\/v2\/posts"}],"about":[{"href":"https:\/\/wp.n3j.de\/index.php?rest_route=\/wp\/v2\/types\/post"}],"author":[{"embeddable":true,"href":"https:\/\/wp.n3j.de\/index.php?rest_route=\/wp\/v2\/users\/3"}],"replies":[{"embeddable":true,"href":"https:\/\/wp.n3j.de\/index.php?rest_route=%2Fwp%2Fv2%2Fcomments&post=2396"}],"version-history":[{"count":8,"href":"https:\/\/wp.n3j.de\/index.php?rest_route=\/wp\/v2\/posts\/2396\/revisions"}],"predecessor-version":[{"id":2567,"href":"https:\/\/wp.n3j.de\/index.php?rest_route=\/wp\/v2\/posts\/2396\/revisions\/2567"}],"wp:attachment":[{"href":"https:\/\/wp.n3j.de\/index.php?rest_route=%2Fwp%2Fv2%2Fmedia&parent=2396"}],"wp:term":[{"taxonomy":"category","embeddable":true,"href":"https:\/\/wp.n3j.de\/index.php?rest_route=%2Fwp%2Fv2%2Fcategories&post=2396"},{"taxonomy":"post_tag","embeddable":true,"href":"https:\/\/wp.n3j.de\/index.php?rest_route=%2Fwp%2Fv2%2Ftags&post=2396"}],"curies":[{"name":"wp","href":"https:\/\/api.w.org\/{rel}","templated":true}]}}